{"id":1321,"date":"2025-06-06T12:00:00","date_gmt":"2025-06-06T10:00:00","guid":{"rendered":"https:\/\/asobruck.ac.at\/?p=1321"},"modified":"2025-06-11T11:12:46","modified_gmt":"2025-06-11T09:12:46","slug":"erdbeerland-3-4-klasse-06-06-2025","status":"publish","type":"post","link":"https:\/\/asobruck.ac.at\/?p=1321","title":{"rendered":"Erdbeerland 3. &amp; 4. Klasse | 06.06.2025"},"content":{"rendered":"\n<p>Ein s\u00fc\u00dfer Ausflug ins Erdbeerland \u2013 3. und 4. Klasse unterwegs<\/p>\n\n\n\n<p>Am Freitag, den 06. Juni 2025, machten sich die 3. und 4. Klasse gleich in der Fr\u00fch\u00a0auf den Weg \u2013 das Ziel: die Erdbeerfelder des Erdbeerlands in Bruck.\u00a0<\/p>\n\n\n\n<p>Mit guter Laune und viel Energie starteten\u00a0wir\u00a0los und erreichten nach gut einer Stunde Fu\u00dfmarsch die Felder, wo es sogleich mit gro\u00dfer Begeisterung ans Pfl\u00fccken ging. Die Ausbeute konnte sich sehen lassen \u2013 K\u00f6rbeweise rote, herrlich s\u00fc\u00dfe Erdbeeren wurden gesammelt.<\/p>\n\n\n\n<p>Neben dem Naschen und Pfl\u00fccken stand auch der gemeinsame Weg im Vordergrund \u2013 flei\u00dfig wurde marschiert, gelacht, die Sonne und die frische Luft genossen. Ein rundum gelungener Tag, der uns allen noch lange in Erinnerung bleiben wird!<\/p>\n\n\n\n<figure class=\"wp-block-gallery has-nested-images columns-default is-cropped wp-block-gallery-1 is-layout-flex wp-block-gallery-is-layout-flex\">\n<figure class=\"wp-block-image size-large\"><img loading=\"lazy\" decoding=\"async\" width=\"768\" height=\"1024\" data-id=\"1322\" src=\"https:\/\/asobruck.ac.at\/wp-content\/uploads\/2025\/06\/IMG-20250606-WA0017-768x1024.jpg\" alt=\"\" class=\"wp-image-1322\" srcset=\"https:\/\/asobruck.ac.at\/wp-content\/uploads\/2025\/06\/IMG-20250606-WA0017-768x1024.jpg 768w, https:\/\/asobruck.ac.at\/wp-content\/uploads\/2025\/06\/IMG-20250606-WA0017-225x300.jpg 225w, https:\/\/asobruck.ac.at\/wp-content\/uploads\/2025\/06\/IMG-20250606-WA0017-1152x1536.jpg 1152w, https:\/\/asobruck.ac.at\/wp-content\/uploads\/2025\/06\/IMG-20250606-WA0017.jpg 1536w\" sizes=\"auto, (max-width: 767px) 89vw, (max-width: 1000px) 54vw, (max-width: 1071px) 543px, 580px\" \/><\/figure>\n\n\n\n<figure class=\"wp-block-image size-large\"><img loading=\"lazy\" decoding=\"async\" width=\"768\" height=\"1024\" data-id=\"1323\" src=\"https:\/\/asobruck.ac.at\/wp-content\/uploads\/2025\/06\/IMG-20250611-WA0008-768x1024.jpg\" alt=\"\" class=\"wp-image-1323\" srcset=\"https:\/\/asobruck.ac.at\/wp-content\/uploads\/2025\/06\/IMG-20250611-WA0008-768x1024.jpg 768w, https:\/\/asobruck.ac.at\/wp-content\/uploads\/2025\/06\/IMG-20250611-WA0008-225x300.jpg 225w, https:\/\/asobruck.ac.at\/wp-content\/uploads\/2025\/06\/IMG-20250611-WA0008-1152x1536.jpg 1152w, https:\/\/asobruck.ac.at\/wp-content\/uploads\/2025\/06\/IMG-20250611-WA0008.jpg 1536w\" sizes=\"auto, (max-width: 767px) 89vw, (max-width: 1000px) 54vw, (max-width: 1071px) 543px, 580px\" \/><\/figure>\n<\/figure>\n\n\n\n<figure class=\"wp-block-image size-large\"><img loading=\"lazy\" decoding=\"async\" width=\"1024\" height=\"768\" src=\"https:\/\/asobruck.ac.at\/wp-content\/uploads\/2025\/06\/IMG-20250606-WA0018-1024x768.jpg\" alt=\"\" class=\"wp-image-1324\" srcset=\"https:\/\/asobruck.ac.at\/wp-content\/uploads\/2025\/06\/IMG-20250606-WA0018-1024x768.jpg 1024w, https:\/\/asobruck.ac.at\/wp-content\/uploads\/2025\/06\/IMG-20250606-WA0018-300x225.jpg 300w, https:\/\/asobruck.ac.at\/wp-content\/uploads\/2025\/06\/IMG-20250606-WA0018-768x576.jpg 768w, https:\/\/asobruck.ac.at\/wp-content\/uploads\/2025\/06\/IMG-20250606-WA0018-1536x1152.jpg 1536w, https:\/\/asobruck.ac.at\/wp-content\/uploads\/2025\/06\/IMG-20250606-WA0018.jpg 2048w\" sizes=\"auto, (max-width: 767px) 89vw, (max-width: 1000px) 54vw, (max-width: 1071px) 543px, 580px\" \/><\/figure>\n","protected":false},"excerpt":{"rendered":"<p>Ein s\u00fc\u00dfer Ausflug ins Erdbeerland \u2013 3. und 4. Klasse unterwegs Am Freitag, den 06. Juni 2025, machten sich die 3. und 4. Klasse gleich in der Fr\u00fch\u00a0auf den Weg \u2013 das Ziel: die Erdbeerfelder des Erdbeerlands in Bruck.\u00a0 Mit guter Laune und viel Energie starteten\u00a0wir\u00a0los und erreichten nach gut einer Stunde Fu\u00dfmarsch die Felder, &hellip; <\/p>\n<p class=\"link-more\"><a href=\"https:\/\/asobruck.ac.at\/?p=1321\" class=\"more-link\"><span class=\"screen-reader-text\">\u201eErdbeerland 3. &amp; 4. Klasse | 06.06.2025\u201c<\/span> weiterlesen<\/a><\/p>\n","protected":false},"author":2,"featured_media":0,"comment_status":"open","ping_status":"open","sticky":false,"template":"","format":"standard","meta":{"footnotes":""},"categories":[1],"tags":[],"class_list":["post-1321","post","type-post","status-publish","format-standard","hentry","category-uncategorized"],"_links":{"self":[{"href":"https:\/\/asobruck.ac.at\/index.php?rest_route=\/wp\/v2\/posts\/1321","targetHints":{"allow":["GET"]}}],"collection":[{"href":"https:\/\/asobruck.ac.at\/index.php?rest_route=\/wp\/v2\/posts"}],"about":[{"href":"https:\/\/asobruck.ac.at\/index.php?rest_route=\/wp\/v2\/types\/post"}],"author":[{"embeddable":true,"href":"https:\/\/asobruck.ac.at\/index.php?rest_route=\/wp\/v2\/users\/2"}],"replies":[{"embeddable":true,"href":"https:\/\/asobruck.ac.at\/index.php?rest_route=%2Fwp%2Fv2%2Fcomments&post=1321"}],"version-history":[{"count":1,"href":"https:\/\/asobruck.ac.at\/index.php?rest_route=\/wp\/v2\/posts\/1321\/revisions"}],"predecessor-version":[{"id":1325,"href":"https:\/\/asobruck.ac.at\/index.php?rest_route=\/wp\/v2\/posts\/1321\/revisions\/1325"}],"wp:attachment":[{"href":"https:\/\/asobruck.ac.at\/index.php?rest_route=%2Fwp%2Fv2%2Fmedia&parent=1321"}],"wp:term":[{"taxonomy":"category","embeddable":true,"href":"https:\/\/asobruck.ac.at\/index.php?rest_route=%2Fwp%2Fv2%2Fcategories&post=1321"},{"taxonomy":"post_tag","embeddable":true,"href":"https:\/\/asobruck.ac.at\/index.php?rest_route=%2Fwp%2Fv2%2Ftags&post=1321"}],"curies":[{"name":"wp","href":"https:\/\/api.w.org\/{rel}","templated":true}]}}