{"id":1327,"date":"2025-06-20T14:00:00","date_gmt":"2025-06-20T12:00:00","guid":{"rendered":"https:\/\/asobruck.ac.at\/?p=1327"},"modified":"2025-06-26T10:15:22","modified_gmt":"2025-06-26T08:15:22","slug":"pritschelfest-20-06-2025","status":"publish","type":"post","link":"https:\/\/asobruck.ac.at\/?p=1327","title":{"rendered":"Pritschelfest | 20.06.2025"},"content":{"rendered":"\n<p><strong>Sommerlicher Spa\u00df beim Pritschelfest der ASO Bruck\/Leitha<\/strong><\/p>\n\n\n\n<p>Am Freitag in der vorletzten Schulwoche war es wieder so weit: Unser beliebtes Pritschelfest fand auch heuer als fixer H\u00f6hepunkt im Schuljahr statt und l\u00e4utete bei strahlendem Sonnenschein den Sommer ein \u2013 ein sicheres Zeichen, dass die Ferien nicht mehr weit sind!<\/p>\n\n\n\n<p>Mit viel Begeisterung und noch mehr Wasser sorgten die unterschiedlichsten Stationen, liebevoll vorbereitet von unseren Lehrer:innen, f\u00fcr jede Menge Spa\u00df. Vom Zielspritzen mit dem Feuerwehrschlauch \u00fcber Dosenschie\u00dfen mit Spritzpistolen bis hin zu Seilspringen und weiteren lustigen Aktivit\u00e4ten \u2013 es wurde viel geplanscht, gelacht und gepritschelt.<\/p>\n\n\n\n<p>Auch wenn am Ende nicht alle ganz trocken geblieben sind \u2013 der Spa\u00df war garantiert!<\/p>\n\n\n\n<figure class=\"wp-block-gallery has-nested-images columns-2 is-cropped wp-block-gallery-1 is-layout-flex wp-block-gallery-is-layout-flex\">\n<figure class=\"wp-block-image size-large\"><img loading=\"lazy\" decoding=\"async\" width=\"768\" height=\"1024\" data-id=\"1331\" src=\"https:\/\/asobruck.ac.at\/wp-content\/uploads\/2025\/06\/IMG-20250620-WA0046-768x1024.jpg\" alt=\"\" class=\"wp-image-1331\" srcset=\"https:\/\/asobruck.ac.at\/wp-content\/uploads\/2025\/06\/IMG-20250620-WA0046-768x1024.jpg 768w, https:\/\/asobruck.ac.at\/wp-content\/uploads\/2025\/06\/IMG-20250620-WA0046-225x300.jpg 225w, https:\/\/asobruck.ac.at\/wp-content\/uploads\/2025\/06\/IMG-20250620-WA0046-1152x1536.jpg 1152w, https:\/\/asobruck.ac.at\/wp-content\/uploads\/2025\/06\/IMG-20250620-WA0046.jpg 1536w\" sizes=\"auto, (max-width: 767px) 89vw, (max-width: 1000px) 54vw, (max-width: 1071px) 543px, 580px\" \/><\/figure>\n\n\n\n<figure class=\"wp-block-image size-large\"><img loading=\"lazy\" decoding=\"async\" width=\"766\" height=\"1024\" data-id=\"1330\" src=\"https:\/\/asobruck.ac.at\/wp-content\/uploads\/2025\/06\/IMG-20250620-WA0112-766x1024.jpg\" alt=\"\" class=\"wp-image-1330\" srcset=\"https:\/\/asobruck.ac.at\/wp-content\/uploads\/2025\/06\/IMG-20250620-WA0112-766x1024.jpg 766w, https:\/\/asobruck.ac.at\/wp-content\/uploads\/2025\/06\/IMG-20250620-WA0112-224x300.jpg 224w, https:\/\/asobruck.ac.at\/wp-content\/uploads\/2025\/06\/IMG-20250620-WA0112-768x1027.jpg 768w, https:\/\/asobruck.ac.at\/wp-content\/uploads\/2025\/06\/IMG-20250620-WA0112-1149x1536.jpg 1149w, https:\/\/asobruck.ac.at\/wp-content\/uploads\/2025\/06\/IMG-20250620-WA0112.jpg 1496w\" sizes=\"auto, (max-width: 706px) 89vw, (max-width: 767px) 82vw, 740px\" \/><\/figure>\n\n\n\n<figure class=\"wp-block-image size-large\"><img loading=\"lazy\" decoding=\"async\" width=\"1024\" height=\"768\" data-id=\"1328\" src=\"https:\/\/asobruck.ac.at\/wp-content\/uploads\/2025\/06\/IMG-20250620-WA0133-1024x768.jpg\" alt=\"\" class=\"wp-image-1328\" srcset=\"https:\/\/asobruck.ac.at\/wp-content\/uploads\/2025\/06\/IMG-20250620-WA0133-1024x768.jpg 1024w, https:\/\/asobruck.ac.at\/wp-content\/uploads\/2025\/06\/IMG-20250620-WA0133-300x225.jpg 300w, https:\/\/asobruck.ac.at\/wp-content\/uploads\/2025\/06\/IMG-20250620-WA0133-768x576.jpg 768w, https:\/\/asobruck.ac.at\/wp-content\/uploads\/2025\/06\/IMG-20250620-WA0133-1536x1152.jpg 1536w, https:\/\/asobruck.ac.at\/wp-content\/uploads\/2025\/06\/IMG-20250620-WA0133.jpg 2048w\" sizes=\"auto, (max-width: 767px) 89vw, (max-width: 1000px) 54vw, (max-width: 1071px) 543px, 580px\" \/><\/figure>\n\n\n\n<figure class=\"wp-block-image size-large\"><img loading=\"lazy\" decoding=\"async\" width=\"1024\" height=\"768\" data-id=\"1329\" src=\"https:\/\/asobruck.ac.at\/wp-content\/uploads\/2025\/06\/IMG-20250620-WA0139-1024x768.jpg\" alt=\"\" class=\"wp-image-1329\" srcset=\"https:\/\/asobruck.ac.at\/wp-content\/uploads\/2025\/06\/IMG-20250620-WA0139-1024x768.jpg 1024w, https:\/\/asobruck.ac.at\/wp-content\/uploads\/2025\/06\/IMG-20250620-WA0139-300x225.jpg 300w, https:\/\/asobruck.ac.at\/wp-content\/uploads\/2025\/06\/IMG-20250620-WA0139-768x576.jpg 768w, https:\/\/asobruck.ac.at\/wp-content\/uploads\/2025\/06\/IMG-20250620-WA0139-1536x1152.jpg 1536w, https:\/\/asobruck.ac.at\/wp-content\/uploads\/2025\/06\/IMG-20250620-WA0139.jpg 2048w\" sizes=\"auto, (max-width: 767px) 89vw, (max-width: 1000px) 54vw, (max-width: 1071px) 543px, 580px\" \/><\/figure>\n<\/figure>\n","protected":false},"excerpt":{"rendered":"<p>Sommerlicher Spa\u00df beim Pritschelfest der ASO Bruck\/Leitha Am Freitag in der vorletzten Schulwoche war es wieder so weit: Unser beliebtes Pritschelfest fand auch heuer als fixer H\u00f6hepunkt im Schuljahr statt und l\u00e4utete bei strahlendem Sonnenschein den Sommer ein \u2013 ein sicheres Zeichen, dass die Ferien nicht mehr weit sind! Mit viel Begeisterung und noch mehr &hellip; <\/p>\n<p class=\"link-more\"><a href=\"https:\/\/asobruck.ac.at\/?p=1327\" class=\"more-link\"><span class=\"screen-reader-text\">\u201ePritschelfest | 20.06.2025\u201c<\/span> weiterlesen<\/a><\/p>\n","protected":false},"author":2,"featured_media":0,"comment_status":"open","ping_status":"open","sticky":false,"template":"","format":"standard","meta":{"footnotes":""},"categories":[1],"tags":[],"class_list":["post-1327","post","type-post","status-publish","format-standard","hentry","category-uncategorized"],"_links":{"self":[{"href":"https:\/\/asobruck.ac.at\/index.php?rest_route=\/wp\/v2\/posts\/1327","targetHints":{"allow":["GET"]}}],"collection":[{"href":"https:\/\/asobruck.ac.at\/index.php?rest_route=\/wp\/v2\/posts"}],"about":[{"href":"https:\/\/asobruck.ac.at\/index.php?rest_route=\/wp\/v2\/types\/post"}],"author":[{"embeddable":true,"href":"https:\/\/asobruck.ac.at\/index.php?rest_route=\/wp\/v2\/users\/2"}],"replies":[{"embeddable":true,"href":"https:\/\/asobruck.ac.at\/index.php?rest_route=%2Fwp%2Fv2%2Fcomments&post=1327"}],"version-history":[{"count":1,"href":"https:\/\/asobruck.ac.at\/index.php?rest_route=\/wp\/v2\/posts\/1327\/revisions"}],"predecessor-version":[{"id":1332,"href":"https:\/\/asobruck.ac.at\/index.php?rest_route=\/wp\/v2\/posts\/1327\/revisions\/1332"}],"wp:attachment":[{"href":"https:\/\/asobruck.ac.at\/index.php?rest_route=%2Fwp%2Fv2%2Fmedia&parent=1327"}],"wp:term":[{"taxonomy":"category","embeddable":true,"href":"https:\/\/asobruck.ac.at\/index.php?rest_route=%2Fwp%2Fv2%2Fcategories&post=1327"},{"taxonomy":"post_tag","embeddable":true,"href":"https:\/\/asobruck.ac.at\/index.php?rest_route=%2Fwp%2Fv2%2Ftags&post=1327"}],"curies":[{"name":"wp","href":"https:\/\/api.w.org\/{rel}","templated":true}]}}